{"id":552,"date":"2012-11-16T13:32:25","date_gmt":"2012-11-16T18:32:25","guid":{"rendered":"http:\/\/www.ammatte.ca\/?p=552"},"modified":"2012-11-21T13:32:52","modified_gmt":"2012-11-21T18:32:52","slug":"auteur-du-terroir-litteraire-franco-ontarien","status":"publish","type":"post","link":"https:\/\/www.ammatte.ca\/?p=552","title":{"rendered":"Auteur \u00ab\u00a0du terroir litt\u00e9raire franco-ontarien\u00a0\u00bb"},"content":{"rendered":"<p><span style=\"color: #333333; font-size: small;\">Dans un article du M\u00e9tropolitain de Toronto, <span style=\"color: #333333;\"><a href=\"http:\/\/www.lemetropolitain.com\/nouvelles.asp?nID=17034\" target=\"_blank\">Le Salon du livre a 20 ans<\/a><\/span>, l&rsquo;intr\u00e9pide journaliste Rapha\u00ebl Lopoukhine me classe parmi les \u00ab\u00a0auteurs du terroir litt\u00e9raire franco-ontarien\u00a0\u00bb.<\/span><\/p>\n<p><span style=\"color: #333333; font-size: small;\">Commentaire d&rsquo;une copine linguiste: \u00ab\u00a0terroir?? Pas s\u00fbre ce que \u00e7a veut dire, appliqu\u00e9 \u00e0 la litt\u00e9rature&#8230;\u00a0\u00bb<\/span><\/p>\n<p><span style=\"color: #333333;\"><span style=\"font-size: small;\">Commentaire de mon fr\u00e8re, dont la conjointe vient de donner naissance \u00e0 deux magnifiques fillettes: \u00ab\u00a0Cool. F\u00e9licitations! Est-ce qu&rsquo;on peut dire que [nos filles] sont des produits du terroir franco-ontarien?\u00a0\u00bb<\/span><\/span><\/p>\n<p><span style=\"color: #333333;\"><span style=\"font-size: small;\">Je pourrai dire, au moins, que mon passage au Salon du livre de Toronto 2012 aura fait jaser&#8230;<\/span><\/span><\/p>\n<p>&nbsp;<\/p>\n<p><span style=\"font-size: small;\"><a href=\"https:\/\/www.ammatte.ca\/wp-content\/uploads\/2012\/11\/auteur-terroir-m\u00e9tropolitain2.png\"><img loading=\"lazy\" decoding=\"async\" class=\"alignleft size-full wp-image-555\" title=\"Le M\u00e9tropolitain - Le Salon du livre a 20 ans\" src=\"https:\/\/www.ammatte.ca\/wp-content\/uploads\/2012\/11\/auteur-terroir-m\u00e9tropolitain2.png\" alt=\"\" width=\"623\" height=\"469\" srcset=\"https:\/\/www.ammatte.ca\/wp-content\/uploads\/2012\/11\/auteur-terroir-m\u00e9tropolitain2.png 623w, https:\/\/www.ammatte.ca\/wp-content\/uploads\/2012\/11\/auteur-terroir-m\u00e9tropolitain2-300x225.png 300w\" sizes=\"auto, (max-width: 623px) 100vw, 623px\" \/><\/a><\/span><\/p>\n<p>&nbsp;<\/p>\n","protected":false},"excerpt":{"rendered":"<p>Dans un article du M\u00e9tropolitain de Toronto, Le Salon du livre a 20 ans, l&rsquo;intr\u00e9pide journaliste Rapha\u00ebl Lopoukhine me classe parmi les \u00ab\u00a0auteurs du terroir litt\u00e9raire franco-ontarien\u00a0\u00bb. Commentaire d&rsquo;une copine linguiste: \u00ab\u00a0terroir?? Pas s\u00fbre ce que \u00e7a veut dire, appliqu\u00e9<\/p>\n","protected":false},"author":1,"featured_media":0,"comment_status":"open","ping_status":"open","sticky":false,"template":"","format":"standard","meta":{"footnotes":""},"categories":[1],"tags":[29,156,264,97,262,261,256,263,99],"language":[9],"class_list":["post-552","post","type-post","status-publish","format-standard","hentry","category-uncategorized","tag-franco-ontarien","tag-litteraire","tag-litterature","tag-matte","tag-metropolitain","tag-raphael-lopoukhine","tag-salon-du-livre","tag-terroir","tag-toronto","language-fr_ca"],"_links":{"self":[{"href":"https:\/\/www.ammatte.ca\/index.php?rest_route=\/wp\/v2\/posts\/552","targetHints":{"allow":["GET"]}}],"collection":[{"href":"https:\/\/www.ammatte.ca\/index.php?rest_route=\/wp\/v2\/posts"}],"about":[{"href":"https:\/\/www.ammatte.ca\/index.php?rest_route=\/wp\/v2\/types\/post"}],"author":[{"embeddable":true,"href":"https:\/\/www.ammatte.ca\/index.php?rest_route=\/wp\/v2\/users\/1"}],"replies":[{"embeddable":true,"href":"https:\/\/www.ammatte.ca\/index.php?rest_route=%2Fwp%2Fv2%2Fcomments&post=552"}],"version-history":[{"count":3,"href":"https:\/\/www.ammatte.ca\/index.php?rest_route=\/wp\/v2\/posts\/552\/revisions"}],"predecessor-version":[{"id":558,"href":"https:\/\/www.ammatte.ca\/index.php?rest_route=\/wp\/v2\/posts\/552\/revisions\/558"}],"wp:attachment":[{"href":"https:\/\/www.ammatte.ca\/index.php?rest_route=%2Fwp%2Fv2%2Fmedia&parent=552"}],"wp:term":[{"taxonomy":"category","embeddable":true,"href":"https:\/\/www.ammatte.ca\/index.php?rest_route=%2Fwp%2Fv2%2Fcategories&post=552"},{"taxonomy":"post_tag","embeddable":true,"href":"https:\/\/www.ammatte.ca\/index.php?rest_route=%2Fwp%2Fv2%2Ftags&post=552"},{"taxonomy":"language","embeddable":true,"href":"https:\/\/www.ammatte.ca\/index.php?rest_route=%2Fwp%2Fv2%2Flanguage&post=552"}],"curies":[{"name":"wp","href":"https:\/\/api.w.org\/{rel}","templated":true}]}}