{"id":428,"date":"2012-07-22T19:45:30","date_gmt":"2012-07-22T23:45:30","guid":{"rendered":"http:\/\/www.ammatte.ca\/?p=428"},"modified":"2012-08-08T19:45:49","modified_gmt":"2012-08-08T23:45:49","slug":"larbre-de-la-francophonie","status":"publish","type":"post","link":"https:\/\/www.ammatte.ca\/?p=428","title":{"rendered":"L&rsquo;arbre de la francophonie"},"content":{"rendered":"<p>Lorsqu&rsquo;il fut question d&rsquo;ajouter un mot\u00a0\u00e0 <a href=\"http:\/\/www.consulfrance-quebec.org\/Venez-fleurir-l-arbre-de-la\" target=\"_blank\">l&rsquo;arbre de la francophonie<\/a>\u00a0du Consulat g\u00e9n\u00e9ral de France \u00e0 Qu\u00e9bec, j&rsquo;ai h\u00e9sit\u00e9. Il me fallait le mot parfait, original, obscur, intriguant, digne d&rsquo;une auteur qui se respecte. J&rsquo;y ai trop song\u00e9 et j&rsquo;ai presque abandonn\u00e9 rendre visite \u00e0 l&rsquo;arbre lors d&rsquo;un court s\u00e9jour \u00e0 Qu\u00e9bec.<\/p>\n<figure id=\"attachment_432\" aria-describedby=\"caption-attachment-432\" style=\"width: 300px\" class=\"wp-caption alignright\"><a href=\"https:\/\/www.ammatte.ca\/wp-content\/uploads\/2012\/08\/IMG_4680.jpg\"><img loading=\"lazy\" decoding=\"async\" class=\"size-medium wp-image-432\" title=\"Arbre-Francophonie2\" src=\"https:\/\/www.ammatte.ca\/wp-content\/uploads\/2012\/08\/IMG_4680-300x224.jpg\" alt=\"\" width=\"300\" height=\"224\" srcset=\"https:\/\/www.ammatte.ca\/wp-content\/uploads\/2012\/08\/IMG_4680-300x224.jpg 300w, https:\/\/www.ammatte.ca\/wp-content\/uploads\/2012\/08\/IMG_4680-1024x764.jpg 1024w\" sizes=\"auto, (max-width: 300px) 100vw, 300px\" \/><\/a><figcaption id=\"caption-attachment-432\" class=\"wp-caption-text\">L&#39;arbre de la francophonie \u00e0 Qu\u00e9bec<\/figcaption><\/figure>\n<p>Mais une fois \u00e0 c\u00f4t\u00e9 de l&rsquo;arbre, j&rsquo;ai d\u00e9cid\u00e9 de ne plus m&rsquo;inqui\u00e9ter. Mon mot, peu importe lequel, \u00a0serait en bonne compagnie.\u00a0Sur d&rsquo;autres rubans flottaient \u00ab\u00a0effervescent\u00a0\u00bb, \u00ab\u00a0inconcevable\u00a0\u00bb, \u00ab\u00a0curieux\u00a0\u00bb et \u00ab\u00a0bicyclette\u00a0\u00bb.\u00a0La francophonie qui flotte au vent, c&rsquo;est excellent pour contrer la panne de l&rsquo;\u00e9crivain.\u00a0J&rsquo;ai cess\u00e9 de me casser la t\u00eate et d&rsquo;y aller avec mon mot coup de coeur, qui a toujours \u00e9t\u00e9 \u00ab\u00a0imagination\u00a0\u00bb, pour souligner le leitmotiv de tout artiste.<\/p>\n<p>Bilan final: nos mots pour l&rsquo;arbre de la francophonie \u00e9taient \u00ab\u00a0imagination\u00a0\u00bb, \u00ab\u00a0cr\u00e9puscule\u00a0\u00bb\u00a0(de ma m\u00e8re),\u00a0\u00ab\u00a0mignonnes\u00a0\u00bb (en honneur de mes ni\u00e8ces en devenir) et \u00ab\u00a0autobus\u00a0\u00bb (de mon fils). Et, bien que ce soit un commentaire g\u00e9n\u00e9ral et g\u00e9n\u00e9rique, une attach\u00e9e du Consulat nous a fait bien plaisir en affirmant \u00ab\u00a0Que ces mots sont beaux\u00a0\u00bb.<\/p>\n<p><a href=\"http:\/\/twitter.com\/ammatte\/status\/222500330372464640\/photo\/1\" target=\"_blank\">Autre image de l&rsquo;arbre<\/a>.<\/p>\n","protected":false},"excerpt":{"rendered":"<p>Lorsqu&rsquo;il fut question d&rsquo;ajouter un mot\u00a0\u00e0 l&rsquo;arbre de la francophonie\u00a0du Consulat g\u00e9n\u00e9ral de France \u00e0 Qu\u00e9bec, j&rsquo;ai h\u00e9sit\u00e9. Il me fallait le mot parfait, original, obscur, intriguant, digne d&rsquo;une auteur qui se respecte. J&rsquo;y ai trop song\u00e9 et j&rsquo;ai presque<\/p>\n","protected":false},"author":1,"featured_media":0,"comment_status":"open","ping_status":"open","sticky":false,"template":"","format":"standard","meta":{"footnotes":""},"categories":[1],"tags":[159,166,50,174,176,172,170,177,167,171,97,173,168,169,175],"language":[9],"class_list":["post-428","post","type-post","status-publish","format-standard","hentry","category-uncategorized","tag-a-m","tag-arbre","tag-auteur","tag-autobus","tag-consulat","tag-crepuscule","tag-ecrivain","tag-france","tag-francophonie","tag-imagination","tag-matte","tag-mignonnes","tag-mot","tag-mots","tag-quebec","language-fr_ca"],"_links":{"self":[{"href":"https:\/\/www.ammatte.ca\/index.php?rest_route=\/wp\/v2\/posts\/428","targetHints":{"allow":["GET"]}}],"collection":[{"href":"https:\/\/www.ammatte.ca\/index.php?rest_route=\/wp\/v2\/posts"}],"about":[{"href":"https:\/\/www.ammatte.ca\/index.php?rest_route=\/wp\/v2\/types\/post"}],"author":[{"embeddable":true,"href":"https:\/\/www.ammatte.ca\/index.php?rest_route=\/wp\/v2\/users\/1"}],"replies":[{"embeddable":true,"href":"https:\/\/www.ammatte.ca\/index.php?rest_route=%2Fwp%2Fv2%2Fcomments&post=428"}],"version-history":[{"count":6,"href":"https:\/\/www.ammatte.ca\/index.php?rest_route=\/wp\/v2\/posts\/428\/revisions"}],"predecessor-version":[{"id":435,"href":"https:\/\/www.ammatte.ca\/index.php?rest_route=\/wp\/v2\/posts\/428\/revisions\/435"}],"wp:attachment":[{"href":"https:\/\/www.ammatte.ca\/index.php?rest_route=%2Fwp%2Fv2%2Fmedia&parent=428"}],"wp:term":[{"taxonomy":"category","embeddable":true,"href":"https:\/\/www.ammatte.ca\/index.php?rest_route=%2Fwp%2Fv2%2Fcategories&post=428"},{"taxonomy":"post_tag","embeddable":true,"href":"https:\/\/www.ammatte.ca\/index.php?rest_route=%2Fwp%2Fv2%2Ftags&post=428"},{"taxonomy":"language","embeddable":true,"href":"https:\/\/www.ammatte.ca\/index.php?rest_route=%2Fwp%2Fv2%2Flanguage&post=428"}],"curies":[{"name":"wp","href":"https:\/\/api.w.org\/{rel}","templated":true}]}}