{"id":371,"date":"2012-07-10T23:51:10","date_gmt":"2012-07-11T03:51:10","guid":{"rendered":"http:\/\/www.ammatte.ca\/?p=371"},"modified":"2012-07-11T00:05:17","modified_gmt":"2012-07-11T04:05:17","slug":"consultations-sur-les-langues-officielles-2012-perspectives-davenir","status":"publish","type":"post","link":"https:\/\/www.ammatte.ca\/?p=371","title":{"rendered":"Consultations sur les langues officielles 2012 : Perspectives d&rsquo;avenir"},"content":{"rendered":"<p><a href=\"https:\/\/www.ammatte.ca\/wp-content\/uploads\/2012\/07\/images.jpeg\"><img loading=\"lazy\" decoding=\"async\" class=\"alignleft size-full wp-image-378\" title=\"Alphabet\" src=\"https:\/\/www.ammatte.ca\/wp-content\/uploads\/2012\/07\/images.jpeg\" alt=\"Alphabet langue fran\u00e7aise\" width=\"246\" height=\"205\" \/><\/a>En mai 2012, le ministre du Patrimoine canadien et des Langues officielles a lanc\u00e9 une s\u00e9rie de consultations pancanadiennes sur les langues officielles men\u00e9es par le gouvernement du Canada. Les Canadiennes et les Canadiens sont invit\u00e9s \u00e0\u00a0identifier les d\u00e9fis et priorit\u00e9s actuelles li\u00e9s aux langues officielles et \u00e0 la dualit\u00e9 linguistique et auxquels le gouvernement devrait consacrer ses efforts au cours des prochaines ann\u00e9es.<\/p>\n<p>Vous pouvez remplir le\u00a0Questionnaire en ligne ici:\u00a0<a href=\"http:\/\/www.pch.gc.ca\/fra\/1337699948163\">http:\/\/www.pch.gc.ca\/fra\/1337699948163<\/a><\/p>\n<p>Voici quelques extraits des commentaires que j&rsquo;ai partag\u00e9 via le questionnaire:<\/p>\n<p>&#8211;\u00a0Des ressources remises aux organismes provinciaux\/territoriaux ainsi qu&rsquo;aux organismes locaux assureraient d&rsquo;avoir un impact direct sur les Canadiennes et les Canadiens. Ceci inclut des ressources investies en services aux familles et aux enfants, aux \u00e9tudiantes et aux \u00e9tudiants, aux entrepreneures et entrepreneurs, aux personnes \u00e2g\u00e9es et aux immigrantes et immigrants.\u00a0L&rsquo;impact le plus direct est important, mais il faut aussi s&rsquo;assurer d&rsquo;avoir un impact durable.<\/p>\n<p>&#8211; Les services pour les familles, pour les enfants, pour les adolescents, pour les nouveaux arrivants, en fran\u00e7ais, sont cruciaux! Ce n&rsquo;est pas suffisant que d&rsquo;avoir droit aux services, il faut qu&rsquo;ils soient accessibles et de bonne qualit\u00e9, sinon, nous ne sommes plus que des citoyennes et citoyens de deuxi\u00e8me classe.<\/p>\n<div>\n<p>&#8211; Les francophones naviguent, discutent, gazouillent en fran\u00e7ais. Il serait important de soutenir la pr\u00e9sence et l&rsquo;espace francophone sur Internet, qui est et doit \u00eatre, de nos jours, bien plus que quelques pages web bilingues.<\/p>\n<p>&#8211;\u00a0Si le gouvernement tient \u00e0 livrer des programmes de qualit\u00e9 \u00e0 ses communaut\u00e9s en situation minoritaire, comme il le devrait, il s&rsquo;agit de donner les ressources n\u00e9cessaires aux communaut\u00e9s pour leur \u00e9panouissement. Cela commence par un financement ad\u00e9quat et dans les d\u00e9lais aux organismes communautaires, bien s\u00fbr, et s&rsquo;accentue par un appui moral, politique et bureaucratique de la part du gouvernement aupr\u00e8s de ces organismes et des communaut\u00e9s qu&rsquo;ils servent.<\/p>\n<\/div>\n","protected":false},"excerpt":{"rendered":"<p>En mai 2012, le ministre du Patrimoine canadien et des Langues officielles a lanc\u00e9 une s\u00e9rie de consultations pancanadiennes sur les langues officielles men\u00e9es par le gouvernement du Canada. Les Canadiennes et les Canadiens sont invit\u00e9s \u00e0\u00a0identifier les d\u00e9fis et<\/p>\n","protected":false},"author":1,"featured_media":0,"comment_status":"open","ping_status":"open","sticky":false,"template":"","format":"standard","meta":{"footnotes":""},"categories":[1],"tags":[146,136,135,24,141,142,145,137,138,139,140,144,143],"language":[9],"class_list":["post-371","post","type-post","status-publish","format-standard","hentry","category-uncategorized","tag-canada","tag-consultation","tag-consultations","tag-francais","tag-francophone","tag-francophones","tag-gouvernement","tag-langues","tag-officielles","tag-perspectives-davenir","tag-questionnaire","tag-ressources","tag-services","language-fr_ca"],"_links":{"self":[{"href":"https:\/\/www.ammatte.ca\/index.php?rest_route=\/wp\/v2\/posts\/371","targetHints":{"allow":["GET"]}}],"collection":[{"href":"https:\/\/www.ammatte.ca\/index.php?rest_route=\/wp\/v2\/posts"}],"about":[{"href":"https:\/\/www.ammatte.ca\/index.php?rest_route=\/wp\/v2\/types\/post"}],"author":[{"embeddable":true,"href":"https:\/\/www.ammatte.ca\/index.php?rest_route=\/wp\/v2\/users\/1"}],"replies":[{"embeddable":true,"href":"https:\/\/www.ammatte.ca\/index.php?rest_route=%2Fwp%2Fv2%2Fcomments&post=371"}],"version-history":[{"count":3,"href":"https:\/\/www.ammatte.ca\/index.php?rest_route=\/wp\/v2\/posts\/371\/revisions"}],"predecessor-version":[{"id":373,"href":"https:\/\/www.ammatte.ca\/index.php?rest_route=\/wp\/v2\/posts\/371\/revisions\/373"}],"wp:attachment":[{"href":"https:\/\/www.ammatte.ca\/index.php?rest_route=%2Fwp%2Fv2%2Fmedia&parent=371"}],"wp:term":[{"taxonomy":"category","embeddable":true,"href":"https:\/\/www.ammatte.ca\/index.php?rest_route=%2Fwp%2Fv2%2Fcategories&post=371"},{"taxonomy":"post_tag","embeddable":true,"href":"https:\/\/www.ammatte.ca\/index.php?rest_route=%2Fwp%2Fv2%2Ftags&post=371"},{"taxonomy":"language","embeddable":true,"href":"https:\/\/www.ammatte.ca\/index.php?rest_route=%2Fwp%2Fv2%2Flanguage&post=371"}],"curies":[{"name":"wp","href":"https:\/\/api.w.org\/{rel}","templated":true}]}}