{"id":1162,"date":"2016-03-22T12:58:37","date_gmt":"2016-03-22T16:58:37","guid":{"rendered":"http:\/\/www.ammatte.ca\/?p=1162"},"modified":"2016-05-03T12:37:22","modified_gmt":"2016-05-03T16:37:22","slug":"prix-oneil-karch-et-subvention-du-conseil-des-arts-de-lontario","status":"publish","type":"post","link":"https:\/\/www.ammatte.ca\/?p=1162","title":{"rendered":"Prix O&rsquo;Neill-Karch et Subvention du Conseil des arts de l&rsquo;Ontario!"},"content":{"rendered":"<p>Il y a huit ans, le Th\u00e9\u00e2tre La Catapulte m&rsquo;annon\u00e7ait que j&rsquo;avais remport\u00e9 le Prix provincial d&rsquo;\u00e9criture dramatique, le Prix O&rsquo;Neill-Karch, pour ma pi\u00e8ce de th\u00e9\u00e2tre\u00a0<em>Les murs ont des yeux<\/em>.<\/p>\n<p><a href=\"https:\/\/www.ammatte.ca\/wp-content\/uploads\/2016\/03\/Laur\u00e9atsONeillKarch.png\"><img loading=\"lazy\" decoding=\"async\" class=\"aligncenter size-medium wp-image-1163\" src=\"https:\/\/www.ammatte.ca\/wp-content\/uploads\/2016\/03\/Laur\u00e9atsONeillKarch-300x155.png\" alt=\"Une capture d'\u00e9cran du site web du th\u00e9\u00e2tre La Catapulte indiquant les laur\u00e9ats du Prix O'Neil-Karch, dont A.M. Matte.\" width=\"300\" height=\"155\" srcset=\"https:\/\/www.ammatte.ca\/wp-content\/uploads\/2016\/03\/Laur\u00e9atsONeillKarch-300x155.png 300w, https:\/\/www.ammatte.ca\/wp-content\/uploads\/2016\/03\/Laur\u00e9atsONeillKarch-1024x531.png 1024w, https:\/\/www.ammatte.ca\/wp-content\/uploads\/2016\/03\/Laur\u00e9atsONeillKarch-500x259.png 500w, https:\/\/www.ammatte.ca\/wp-content\/uploads\/2016\/03\/Laur\u00e9atsONeillKarch.png 1920w\" sizes=\"auto, (max-width: 300px) 100vw, 300px\" \/><\/a><\/p>\n<p>Cette pi\u00e8ce de th\u00e9\u00e2tre raconte l&rsquo;histoire d&rsquo;intimes d\u2019une famille nucl\u00e9aire qui sont t\u00e9moins de drames domestiques et qui d\u00e9cident d\u2019intervenir.\u00a0<em>Les murs ont des yeux<\/em> a pour but d\u2019illustrer la violence conjugale et d&rsquo;inciter les victimes et leurs t\u00e9moins \u00e0 identifier et intervenir suite aux signes de violence.<\/p>\n<p>C&rsquo;est donc avec plaisir que j&rsquo;annonce que le <a href=\"http:\/\/www.arts.on.ca\/site5.aspx\" target=\"_blank\">Conseil des arts de l&rsquo;Ontario<\/a> appuie la production de ma pi\u00e8ce, dont la mise en sc\u00e8ne de Magalie Rouillart-Bazinet\u00a0sera mont\u00e9e \u00e0 Barrie et \u00e0 Penetanguishene en novembre 2016!<\/p>\n<p><a href=\"https:\/\/www.ammatte.ca\/wp-content\/uploads\/2013\/04\/CAO-50th-Anniv-logo-colour-with-tag-JPEG.jpg\"><img loading=\"lazy\" decoding=\"async\" class=\"aligncenter size-medium wp-image-722\" src=\"https:\/\/www.ammatte.ca\/wp-content\/uploads\/2013\/04\/CAO-50th-Anniv-logo-colour-with-tag-JPEG-300x79.jpg\" alt=\"LOGO CAO 50e\" width=\"300\" height=\"79\" srcset=\"https:\/\/www.ammatte.ca\/wp-content\/uploads\/2013\/04\/CAO-50th-Anniv-logo-colour-with-tag-JPEG-300x79.jpg 300w, https:\/\/www.ammatte.ca\/wp-content\/uploads\/2013\/04\/CAO-50th-Anniv-logo-colour-with-tag-JPEG-1024x270.jpg 1024w\" sizes=\"auto, (max-width: 300px) 100vw, 300px\" \/><\/a><\/p>\n<p>En partenariat avec <a href=\"http:\/\/www.centrecolibri.ca\/\" target=\"_blank\">Colibri &#8211; Centre des femmes du comt\u00e9 de Simcoe<\/a>,\u00a0<em>Les murs ont des yeux\u00a0<\/em>propose du th\u00e9\u00e2tre professionnel l\u00e0 o\u00f9 il n\u2019y a en que trop peu et animera des discussions sur la violence faite aux femmes et comment intervenir\/la pr\u00e9venir.<\/p>\n","protected":false},"excerpt":{"rendered":"<p>Il y a huit ans, le Th\u00e9\u00e2tre La Catapulte m&rsquo;annon\u00e7ait que j&rsquo;avais remport\u00e9 le Prix provincial d&rsquo;\u00e9criture dramatique, le Prix O&rsquo;Neill-Karch, pour ma pi\u00e8ce de th\u00e9\u00e2tre\u00a0Les murs ont des yeux. Cette pi\u00e8ce de th\u00e9\u00e2tre raconte l&rsquo;histoire d&rsquo;intimes d\u2019une famille nucl\u00e9aire<\/p>\n","protected":false},"author":1,"featured_media":0,"comment_status":"open","ping_status":"open","sticky":false,"template":"","format":"standard","meta":{"footnotes":""},"categories":[1],"tags":[593,599,597,571,596,592,598,209,594,18,595],"language":[9],"class_list":["post-1162","post","type-post","status-publish","format-standard","hentry","category-uncategorized","tag-barrie","tag-catapulte","tag-conjugale","tag-conseil-des-arts","tag-femmes","tag-magalie-rouillart-bazinet","tag-oneill-karch","tag-ontario","tag-penetanguishene","tag-theatre","tag-violence","language-fr_ca"],"_links":{"self":[{"href":"https:\/\/www.ammatte.ca\/index.php?rest_route=\/wp\/v2\/posts\/1162","targetHints":{"allow":["GET"]}}],"collection":[{"href":"https:\/\/www.ammatte.ca\/index.php?rest_route=\/wp\/v2\/posts"}],"about":[{"href":"https:\/\/www.ammatte.ca\/index.php?rest_route=\/wp\/v2\/types\/post"}],"author":[{"embeddable":true,"href":"https:\/\/www.ammatte.ca\/index.php?rest_route=\/wp\/v2\/users\/1"}],"replies":[{"embeddable":true,"href":"https:\/\/www.ammatte.ca\/index.php?rest_route=%2Fwp%2Fv2%2Fcomments&post=1162"}],"version-history":[{"count":2,"href":"https:\/\/www.ammatte.ca\/index.php?rest_route=\/wp\/v2\/posts\/1162\/revisions"}],"predecessor-version":[{"id":1174,"href":"https:\/\/www.ammatte.ca\/index.php?rest_route=\/wp\/v2\/posts\/1162\/revisions\/1174"}],"wp:attachment":[{"href":"https:\/\/www.ammatte.ca\/index.php?rest_route=%2Fwp%2Fv2%2Fmedia&parent=1162"}],"wp:term":[{"taxonomy":"category","embeddable":true,"href":"https:\/\/www.ammatte.ca\/index.php?rest_route=%2Fwp%2Fv2%2Fcategories&post=1162"},{"taxonomy":"post_tag","embeddable":true,"href":"https:\/\/www.ammatte.ca\/index.php?rest_route=%2Fwp%2Fv2%2Ftags&post=1162"},{"taxonomy":"language","embeddable":true,"href":"https:\/\/www.ammatte.ca\/index.php?rest_route=%2Fwp%2Fv2%2Flanguage&post=1162"}],"curies":[{"name":"wp","href":"https:\/\/api.w.org\/{rel}","templated":true}]}}