{"id":1109,"date":"2015-12-03T09:18:05","date_gmt":"2015-12-03T14:18:05","guid":{"rendered":"http:\/\/www.ammatte.ca\/?p=1109"},"modified":"2016-01-18T14:03:27","modified_gmt":"2016-01-18T19:03:27","slug":"salon-du-livre-de-toronto-2015","status":"publish","type":"post","link":"https:\/\/www.ammatte.ca\/?p=1109","title":{"rendered":"Salon du livre de Toronto 2015"},"content":{"rendered":"<div class=\"_209g _2vxa\" data-block=\"true\" data-offset-key=\"162pq-0-0\"><span data-offset-key=\"162pq-0-0\"><span data-text=\"true\">C&rsquo;est avec grand plaisir que je serai\u00a0sur place pour des sessions de d\u00e9dicaces et pour \u00e9gayer la programmation du Salon du livre de Toronto cette fin de semaine :<\/span><\/span><\/div>\n<div class=\"_209g _2vxa\" data-block=\"true\" data-offset-key=\"5qc24-0-0\"><span data-offset-key=\"5qc24-0-0\">\u00a0<\/span><\/div>\n<div class=\"_209g _2vxa\" data-block=\"true\" data-offset-key=\"2vnc8-0-0\"><span data-offset-key=\"2vnc8-0-0\"><span data-text=\"true\">Panel sur le roman \u00e0 l\u2019\u00e8re num\u00e9rique, le samedi 5 d\u00e9cembre, de 11h30 \u00e0 12h15, au Caf\u00e9 des litt\u00e9raires.<\/span><\/span><\/div>\n<div class=\"_209g _2vxa\" data-block=\"true\" data-offset-key=\"1h6fk-0-0\"><span data-offset-key=\"1h6fk-0-0\">\u00a0<\/span><\/div>\n<div class=\"_209g _2vxa\" data-block=\"true\" data-offset-key=\"79qe3-0-0\"><span data-offset-key=\"79qe3-0-0\"><span data-text=\"true\">Sessions de d\u00e9dicaces, au stand de l\u2019AAOF<\/span><\/span><\/div>\n<div class=\"_209g _2vxa\" data-block=\"true\" data-offset-key=\"fhoko-0-0\"><span data-offset-key=\"fhoko-0-0\">\u00a0<\/span><\/div>\n<div class=\"_209g _2vxa\" data-block=\"true\" data-offset-key=\"dqhaf-0-0\"><span data-offset-key=\"dqhaf-0-0\"><span data-text=\"true\">Vendredi 4 d\u00e9cembre<\/span><\/span><\/div>\n<div class=\"_209g _2vxa\" data-block=\"true\" data-offset-key=\"3c7nu-0-0\"><span data-offset-key=\"3c7nu-0-0\"><span data-text=\"true\">19 h \u2013 20 h: A.M. Matte<\/span><\/span><\/div>\n<div class=\"_209g _2vxa\" data-block=\"true\" data-offset-key=\"b3h1j-0-0\"><\/div>\n<div class=\"_209g _2vxa\" data-block=\"true\" data-offset-key=\"i6t2-0-0\"><span data-offset-key=\"i6t2-0-0\"><span data-text=\"true\">Samedi 5 d\u00e9cembre<\/span><\/span><\/div>\n<div class=\"_209g _2vxa\" data-block=\"true\" data-offset-key=\"7p0ks-0-0\"><span data-offset-key=\"7p0ks-0-0\"><span data-text=\"true\">10 h \u2013 11 h: A.M. Matte<\/span><\/span><\/div>\n<div class=\"_209g _2vxa\" data-block=\"true\" data-offset-key=\"snb4-0-0\"><span data-offset-key=\"snb4-0-0\">\u00a0<\/span><\/div>\n<div class=\"_209g _2vxa\" data-block=\"true\" data-offset-key=\"bodq8-0-0\"><\/div>\n<div class=\"_209g _2vxa\" data-block=\"true\" data-offset-key=\"er5cv-0-0\"><span data-offset-key=\"er5cv-0-0\"><span data-text=\"true\">Salon du livre de Toronto<\/span><\/span><\/div>\n<div class=\"_209g _2vxa\" data-block=\"true\" data-offset-key=\"fjde-0-0\"><\/div>\n<div class=\"_209g _2vxa\" data-block=\"true\" data-offset-key=\"aisq8-0-0\"><span data-offset-key=\"aisq8-0-0\"><span data-text=\"true\">Le Salon du livre de Toronto,<\/span><\/span><\/div>\n<div class=\"_209g _2vxa\" data-block=\"true\" data-offset-key=\"473t8-0-0\"><span data-offset-key=\"473t8-0-0\"><span data-text=\"true\">aura lieu du 2 au 5 d\u00e9cembre<\/span><\/span><\/div>\n<div class=\"_209g _2vxa\" data-block=\"true\" data-offset-key=\"ditip-0-0\"><span data-offset-key=\"ditip-0-0\"><span data-text=\"true\">\u00e0 la Biblioth\u00e8que de r\u00e9f\u00e9rence,<\/span><\/span><\/div>\n<div class=\"_209g _2vxa\" data-block=\"true\" data-offset-key=\"clelf-0-0\"><span data-offset-key=\"clelf-0-0\"><span data-text=\"true\">789, rue Yonge<\/span><\/span><\/div>\n<div class=\"_209g _2vxa\" data-block=\"true\" data-offset-key=\"37foj-0-0\"><span data-offset-key=\"37foj-0-0\"><span data-text=\"true\">Salon Bram &amp; Bluma Appel, 2e \u00e9tage<\/span><\/span><\/div>\n<div class=\"_209g _2vxa\" data-block=\"true\" data-offset-key=\"arm7c-0-0\"><\/div>\n<div class=\"_209g _2vxa\" data-block=\"true\" data-offset-key=\"d234l-0-0\"><span data-offset-key=\"d234l-0-0\">\u00a0<\/span><\/div>\n<div class=\"_209g _2vxa\" data-block=\"true\" data-offset-key=\"4luts-0-0\"><span data-offset-key=\"4luts-0-0\"><span data-text=\"true\">Le temps des F\u00eates approche \u00e0 grands pas et vous cherchez encore des id\u00e9es de cadeau? Visitez le Salon du livre de Toronto! Vous y trouverez le cadeau parfait parmi des milliers de livres merveilleux : livres jeunesse, bandes dessin\u00e9es, romans historiques, polars, guides pratiques, romans, nouvelles\u2026<\/span><\/span><\/div>\n<div class=\"_209g _2vxa\" data-block=\"true\" data-offset-key=\"16ndo-0-0\"><span data-offset-key=\"16ndo-0-0\">\u00a0<\/span><\/div>\n<div class=\"_209g _2vxa\" data-block=\"true\" data-offset-key=\"d95sj-0-0\"><span data-offset-key=\"d95sj-0-0\"><span data-text=\"true\">Situ\u00e9 en plein centre de Toronto, dans la Biblioth\u00e8que de r\u00e9f\u00e9rence, au 789, rue Yonge, le Salon du livre promet, du 2 au 5 d\u00e9cembre, des rencontres avec des dizaines d\u2019auteurs, des tables rondes, des conf\u00e9rences, des animations, des ateliers et, en premi\u00e8re, un stand num\u00e9rique.<\/span><\/span><\/div>\n<div class=\"_209g _2vxa\" data-block=\"true\" data-offset-key=\"d95sj-0-0\"><\/div>\n<div class=\"_209g _2vxa\" data-block=\"true\" data-offset-key=\"d95sj-0-0\">www.<b>salondulivre<\/b>de<b>toronto<\/b>.ca\/<\/div>\n","protected":false},"excerpt":{"rendered":"<p>C&rsquo;est avec grand plaisir que je serai\u00a0sur place pour des sessions de d\u00e9dicaces et pour \u00e9gayer la programmation du Salon du livre de Toronto cette fin de semaine : \u00a0 Panel sur le roman \u00e0 l\u2019\u00e8re num\u00e9rique, le samedi 5<\/p>\n","protected":false},"author":1,"featured_media":0,"comment_status":"open","ping_status":"open","sticky":false,"template":"","format":"standard","meta":{"footnotes":""},"categories":[1],"tags":[114,106,558,557,291,99],"language":[9],"class_list":["post-1109","post","type-post","status-publish","format-standard","hentry","category-uncategorized","tag-bibliotheque","tag-livre","tag-numerique","tag-panel","tag-salon","tag-toronto","language-fr_ca"],"_links":{"self":[{"href":"https:\/\/www.ammatte.ca\/index.php?rest_route=\/wp\/v2\/posts\/1109","targetHints":{"allow":["GET"]}}],"collection":[{"href":"https:\/\/www.ammatte.ca\/index.php?rest_route=\/wp\/v2\/posts"}],"about":[{"href":"https:\/\/www.ammatte.ca\/index.php?rest_route=\/wp\/v2\/types\/post"}],"author":[{"embeddable":true,"href":"https:\/\/www.ammatte.ca\/index.php?rest_route=\/wp\/v2\/users\/1"}],"replies":[{"embeddable":true,"href":"https:\/\/www.ammatte.ca\/index.php?rest_route=%2Fwp%2Fv2%2Fcomments&post=1109"}],"version-history":[{"count":1,"href":"https:\/\/www.ammatte.ca\/index.php?rest_route=\/wp\/v2\/posts\/1109\/revisions"}],"predecessor-version":[{"id":1110,"href":"https:\/\/www.ammatte.ca\/index.php?rest_route=\/wp\/v2\/posts\/1109\/revisions\/1110"}],"wp:attachment":[{"href":"https:\/\/www.ammatte.ca\/index.php?rest_route=%2Fwp%2Fv2%2Fmedia&parent=1109"}],"wp:term":[{"taxonomy":"category","embeddable":true,"href":"https:\/\/www.ammatte.ca\/index.php?rest_route=%2Fwp%2Fv2%2Fcategories&post=1109"},{"taxonomy":"post_tag","embeddable":true,"href":"https:\/\/www.ammatte.ca\/index.php?rest_route=%2Fwp%2Fv2%2Ftags&post=1109"},{"taxonomy":"language","embeddable":true,"href":"https:\/\/www.ammatte.ca\/index.php?rest_route=%2Fwp%2Fv2%2Flanguage&post=1109"}],"curies":[{"name":"wp","href":"https:\/\/api.w.org\/{rel}","templated":true}]}}