{"id":1092,"date":"2015-08-28T17:01:58","date_gmt":"2015-08-28T21:01:58","guid":{"rendered":"http:\/\/www.ammatte.ca\/?p=1092"},"modified":"2016-01-18T13:26:30","modified_gmt":"2016-01-18T18:26:30","slug":"un-nom-qui-en-dit-long-2","status":"publish","type":"post","link":"https:\/\/www.ammatte.ca\/?p=1092","title":{"rendered":"Un nom qui en dit long &#8211; 2"},"content":{"rendered":"<p>Suis-je la seule qui nomme encore ses pommes selon la lettre d&rsquo;alphabet \u00e0 laquelle la tige a tomb\u00e9?<\/p>\n<p><a href=\"https:\/\/www.ammatte.ca\/wp-content\/uploads\/2015\/08\/tigedepomme.jpg\"><img loading=\"lazy\" decoding=\"async\" class=\"aligncenter size-medium wp-image-1093\" src=\"https:\/\/www.ammatte.ca\/wp-content\/uploads\/2015\/08\/tigedepomme-229x300.jpg\" alt=\"tigedepomme\" width=\"229\" height=\"300\" srcset=\"https:\/\/www.ammatte.ca\/wp-content\/uploads\/2015\/08\/tigedepomme-229x300.jpg 229w, https:\/\/www.ammatte.ca\/wp-content\/uploads\/2015\/08\/tigedepomme-784x1024.jpg 784w\" sizes=\"auto, (max-width: 229px) 100vw, 229px\" \/><\/a><\/p>\n<p>Depuis mon enfance, j&rsquo;aime nommer les choses. Mes peluches, mes poup\u00e9es, m\u00eame mes pommes, avant de les croquer (les pommes, pas les poup\u00e9es).<\/p>\n<p>Maintenant, ce sont mes personnages que je nomme &#8211; mis \u00e0 part mon fils, que j&rsquo;ai aussi <a href=\"https:\/\/www.ammatte.ca\/?p=1087\" target=\"_blank\">eu plaisir \u00e0 nommer<\/a> &#8211; tentant de ne pas utiliser le m\u00eame nom deux fois (j&rsquo;ai, une fois, nomm\u00e9 un personnage d&rsquo;une de mes pi\u00e8ces \u00ab\u00a0Sandrine\u00a0\u00bb, ayant oubli\u00e9 que je l&rsquo;avais d\u00e9j\u00e0 fait quelques ann\u00e9es auparavant. La deuxi\u00e8me Sandrine est devenue Cassandra).<\/p>\n<p><span style=\"line-height: 24px;\">R\u00e9cemment, j\u2019ai d\u00e9but\u00e9 une nouvelle nouvelle sans avoir nomm\u00e9 mon personnage principal de prime abord. Il est rare que je n\u2019aie pas d\u00e9j\u00e0 donn\u00e9 de nom \u00e0 qui que ce soit avant d\u2019\u00e9crire \u2013 \u00e0 l\u2019habitude, c&rsquo;est la premi\u00e8re chose que je fais: je nomme. Il m\u2019arrive m\u00eame, comme dans le cas de Secrets ou A Treat, de n\u2019\u00e9crire la nouvelle\u00a0<\/span><em style=\"line-height: 24px;\">que<\/em><span style=\"line-height: 24px;\">\u00a0parce que j\u2019ai \u00e9t\u00e9 inspir\u00e9e par un nom.\u00a0<\/span><\/p>\n<p>Mais pour cette nouvelle, \u00ab\u00a0elle\u00a0\u00bb n&rsquo;a pas eu de nom pour plusieurs paragraphes et plusieurs mois. Il m&rsquo;a fallu consulter ma liste de noms \u00e0 utiliser \u00e0 de maintes reprises avant de choisir de nommer ce personnage principal Ya&rsquo;el.<\/p>\n<p>J&rsquo;aime en particulier les noms moins utilis\u00e9s, dont on se souvient. \u00c0 tel point que lorsque j&rsquo;ai nomm\u00e9 un personnage Jean, c&rsquo;\u00e9tait pour qu&rsquo;un autre personnage se moque de l&rsquo;ordinaire de son nom (avec mes excuses aux \u00ab\u00a0Jean\u00a0\u00bb qui me liraient&#8230;). Ce qui explique les Na\u00efa, Loewen, Capucine, Reine, Idris, Nelles, Dafenid, qu&rsquo;on retrouve entre mes pages et sur mes sc\u00e8nes.\u00a0Cela fait en sorte que mes personnages aux noms plus standards, les Viviane, Michel, Esther, James, sont rendus, par d\u00e9faut, plut\u00f4t uniques dans mes \u00e9crits.<\/p>\n<p>On me demande, \u00e0 l&rsquo;occasion, d&rsquo;o\u00f9 je pige ces noms. Pour ne nommer que quelques exemples: je prends note des noms aux sonorit\u00e9s int\u00e9ressantes que je vois dans des g\u00e9n\u00e9riques de films, dans des anciens bottins t\u00e9l\u00e9phoniques, dans \u00a0mon entourage, et je les ajoute \u00e0 une liste que je consulte lorsque j&rsquo;ai besoin de nommer quelqu&rsquo;un. Et parfois, m\u00eame, que je consulte pour inspirer une nouvelle histoire.<\/p>\n<p>Vous, comment vous prenez-vous pour nommer des personnages? Y a-t-il des noms que vous consid\u00e9rez particuli\u00e8rement \u00e9vocateurs? Faites m&rsquo;en part dans les commentaires.<\/p>\n","protected":false},"excerpt":{"rendered":"<p>Suis-je la seule qui nomme encore ses pommes selon la lettre d&rsquo;alphabet \u00e0 laquelle la tige a tomb\u00e9? Depuis mon enfance, j&rsquo;aime nommer les choses. Mes peluches, mes poup\u00e9es, m\u00eame mes pommes, avant de les croquer (les pommes, pas les<\/p>\n","protected":false},"author":1,"featured_media":0,"comment_status":"open","ping_status":"open","sticky":false,"template":"","format":"standard","meta":{"footnotes":""},"categories":[1],"tags":[544,550,83,552,549,553,546,551],"language":[9],"class_list":["post-1092","post","type-post","status-publish","format-standard","hentry","category-uncategorized","tag-nom","tag-nommer","tag-nouvelle","tag-ordinaire","tag-personnage","tag-pomme","tag-prenom","tag-unique","language-fr_ca"],"_links":{"self":[{"href":"https:\/\/www.ammatte.ca\/index.php?rest_route=\/wp\/v2\/posts\/1092","targetHints":{"allow":["GET"]}}],"collection":[{"href":"https:\/\/www.ammatte.ca\/index.php?rest_route=\/wp\/v2\/posts"}],"about":[{"href":"https:\/\/www.ammatte.ca\/index.php?rest_route=\/wp\/v2\/types\/post"}],"author":[{"embeddable":true,"href":"https:\/\/www.ammatte.ca\/index.php?rest_route=\/wp\/v2\/users\/1"}],"replies":[{"embeddable":true,"href":"https:\/\/www.ammatte.ca\/index.php?rest_route=%2Fwp%2Fv2%2Fcomments&post=1092"}],"version-history":[{"count":2,"href":"https:\/\/www.ammatte.ca\/index.php?rest_route=\/wp\/v2\/posts\/1092\/revisions"}],"predecessor-version":[{"id":1116,"href":"https:\/\/www.ammatte.ca\/index.php?rest_route=\/wp\/v2\/posts\/1092\/revisions\/1116"}],"wp:attachment":[{"href":"https:\/\/www.ammatte.ca\/index.php?rest_route=%2Fwp%2Fv2%2Fmedia&parent=1092"}],"wp:term":[{"taxonomy":"category","embeddable":true,"href":"https:\/\/www.ammatte.ca\/index.php?rest_route=%2Fwp%2Fv2%2Fcategories&post=1092"},{"taxonomy":"post_tag","embeddable":true,"href":"https:\/\/www.ammatte.ca\/index.php?rest_route=%2Fwp%2Fv2%2Ftags&post=1092"},{"taxonomy":"language","embeddable":true,"href":"https:\/\/www.ammatte.ca\/index.php?rest_route=%2Fwp%2Fv2%2Flanguage&post=1092"}],"curies":[{"name":"wp","href":"https:\/\/api.w.org\/{rel}","templated":true}]}}