{"id":1054,"date":"2014-11-10T17:30:30","date_gmt":"2014-11-10T22:30:30","guid":{"rendered":"http:\/\/www.ammatte.ca\/?p=1054"},"modified":"2015-01-28T17:32:30","modified_gmt":"2015-01-28T22:32:30","slug":"francopen-mic-dans-les-nouvelles","status":"publish","type":"post","link":"https:\/\/www.ammatte.ca\/?p=1054","title":{"rendered":"Franc&rsquo;Open Mic dans les nouvelles"},"content":{"rendered":"<p>Le mois dernier, j&rsquo;ai particip\u00e9 \u00e0 la premi\u00e8re \u00e9dition du Franc&rsquo;Open Mic \u00e0 Toronto, une occasion pour artistes de toutes sortes de monter sur sc\u00e8ne, en fran\u00e7ais. J&rsquo;y ai lu ma nouvelle <i>\u00c0 l&rsquo;air<\/i>, tir\u00e9e de mon recueil\u00a0<em>Ce que l&rsquo;on divulgue\u00a0<\/em>et du 56e num\u00e9ro de la revue\u00a0<em>Virages<\/em>.<\/p>\n<p>L&rsquo;Express de Toronto \u00e9tait sur place et a fait un compte rendu de la soir\u00e9e:<\/p>\n<p>&nbsp;<\/p>\n<p><span style=\"color: #000000; font-size: 2.4em; line-height: 1.5em;\">FRANC\u2019OPEN MIC: UNE PREMI\u00c8RE \u00abSOIR\u00c9E OUVERTE\u00bb R\u00c9USSIE<\/span><\/p>\n<div>\n<div><a style=\"font-size: 16px;\" href=\"http:\/\/www.lexpress.to\/archives\/chronique\/Sur+sc%C3%A8ne\/\">SUR SC\u00c8NE<\/a><\/div>\n<\/div>\n<p>Par\u00a0<a href=\"http:\/\/www.lexpress.to\/archives\/auteur\/Alix+Forgeot\/\">Alix Forgeot<\/a>\u00a0\u2013 Semaine du 4 novembre au 10 novembre 2014<\/p>\n<p><img decoding=\"async\" title=\"Franc\u2019Open Mic: une premi\u00e8re \u00absoir\u00e9e ouverte\u00bb r\u00e9ussie\" alt=\"Franc\u2019Open Mic: une premi\u00e8re \u00absoir\u00e9e ouverte\u00bb r\u00e9ussie\" src=\"http:\/\/www.lexpress.to\/data\/manchettes\/00014611.lrg.jpg\" \/><\/p>\n<p><em>Arfina a fait rire le public avec ses sketchs. <strong>Arianne M. Matte a lu une de ses nouvelles.<\/strong> Guy Smagghe, un habitu\u00e9 du Free Times Caf\u00e9.<\/em><\/p>\n<p>Mercredi dernier, une centaine de personnes, francophones et francophiles confondus, se sont bouscul\u00e9es aux portes du Free Times Caf\u00e9, au 320 rue College, pour voir des artistes se produire sur la premi\u00e8re \u00absc\u00e8ne ouverte\u00bb francophone de Toronto.<\/p>\n<p>Bonne surprise pour Florian Fran\u00e7ois et Cyril Mignotet, cofondateurs de Franc\u2019Open Mic. Le soir de la premi\u00e8re, ils ont vu arriver trois fois plus de spectateurs que pr\u00e9vu. L\u2019\u00e9quipe du Free Times Caf\u00e9 a m\u00eame d\u00fb refuser l\u2019acc\u00e8s au pub \u00e0 certains, en raison d\u2019un trop gros achalandage.<\/p>\n<p>Pas moins de 26 artistes se sont inscrits au Franc\u2019Open Mic, ce qui repr\u00e9sente en tout \u00abune cinquantaine de personnes\u00bb, selon Florian, un des organisateurs.<\/p>\n<p>Qu\u00e9b\u00e9cois, Franco-Ontariens, Fran\u00e7ais, Congolais ou encore S\u00e9n\u00e9galais, toute la francophonie \u00e9tait pr\u00e9sente ce soir l\u00e0, non seulement dans le public, mais aussi sur sc\u00e8ne.<\/p>\n<p><strong>Vari\u00e9t\u00e9 artistique<\/strong><\/p>\n<p>Tr\u00e9sor Otshudi, chanteur et compositeur, ouvre le bal avec \u00abLove\u00bb une chanson R\u2019n\u2019B de sa composition aux paroles francophones, avant de danser sur un rythme endiabl\u00e9, mettant rapidement l\u2019ambiance dans le pub.<\/p>\n<p>Il laisse la place \u00e0 Serge Paul, qui a troqu\u00e9 sa casquette d\u2019agent de liaison communautaire au Conseil scolaire Viamonde contre celle de com\u00e9dien, pour interpr\u00e9ter en version slam le titre Corrida de Francis Cabrel, c\u00e9l\u00e8bre chanteur fran\u00e7ais.<\/p>\n<p>Guy, un guitariste franco-canadien habitu\u00e9 \u00e0 un public anglophone qui ne comprend pas forc\u00e9ment les paroles de ses chansons, se r\u00e9jouit d\u2019\u00eatre pr\u00e9sent\u00a0pour cette premi\u00e8re. \u00abJe suis content d\u2019avoir un public francophone\u00bb, lance-t-il \u00e0 la foule.<\/p>\n<p><strong>Les spectateurs ont aussi eu droit \u00e0 une lecture d\u2019une nouvelle d\u2019Arianne M. Matte, extraite de son livre\u00a0<em>Ce que l\u2019on divulgue<\/em><\/strong>, avant de pouvoir \u00e9couter une reprise du tube\u00a0<em>Seven Seconds<\/em>\u00a0de Neneh Cherry et Youssou N\u2019Dour (m\u00ealant le fran\u00e7ais, l\u2019anglais et le langage wolof), interpr\u00e9t\u00e9e par Derek, un anglophone francophile.<\/p>\n<p><em>La vie en rose<\/em>\u00a0d\u2019\u00c9dith Piaf a \u00e9t\u00e9 parodi\u00e9e, puis le th\u00e9\u00e2tre a fait son arriv\u00e9e sur les planches avec Pierre McLaughlin et Genevi\u00e8ve Brouyaux, com\u00e9diens de la compagnie les Indisciplin\u00e9s de Toronto, interpr\u00e9tant des extraits de la pi\u00e8ce\u00a0<em>Fragments de mensonges inutiles<\/em>\u00a0de Michel Tremblay, qui sera pr\u00e9sent\u00e9e les 13, 14 et 15 novembre \u00e0 la biblioth\u00e8que Palmerston de Toronto (voir l\u2019article en une).<\/p>\n<p>Parmi les artistes, le public d\u00e9couvre quelques petites perles, comme Luce, une Fran\u00e7aise qui s\u2019est accompagn\u00e9e au ukul\u00e9l\u00e9 en chantant des titres tournant l\u2019amour en d\u00e9rision ou encore Arfina, jeune humoriste prometteuse: elle a offert un sketch hilarant au public \u00e0 propos des aventures rocambolesques que peut vivre un \u00e9tranger lorsqu\u2019il souhaite s\u2019\u00e9tablir au Canada.<\/p>\n<p><strong>Impro<\/strong><\/p>\n<p>La soir\u00e9e s\u2019est termin\u00e9e avec de l\u2019improvisation: Florian Fran\u00e7ois, cofondateur de la sc\u00e8ne ouverte francophone et membre des Improbables, a invit\u00e9 la troupe \u00e0 monter sur sc\u00e8ne en compagnie de membres du public, pour cr\u00e9er des sayn\u00e8tes compl\u00e8tement loufoques.<\/p>\n<p>Ce n\u2019est qu\u2019\u00e0 minuit et demi, apr\u00e8s un marathon artistique de plus de quatre heures, que les cofondateurs de Franc\u2019Open Mic ont pu enfin souffler.<\/p>\n<p>\u00abSatisfaits\u00bb de la soir\u00e9e, les deux \u00e9quipiers n\u2019en reviennent toujours pas. \u00abOn a eu plus de monde que le lieu ne le permet\u00bb, s\u2019enthousiasme Florian Fran\u00e7ois, \u00able public est rest\u00e9 jusqu\u2019au bout. On est contents en terme de qualit\u00e9, de quantit\u00e9 et de diversit\u00e9!\u00bb<\/p>\n<p><strong>Bonne organisation<\/strong><\/p>\n<p>Il faut dire que les deux amis se sont bien organis\u00e9s. Ils ont mis un point d\u2019honneur \u00e0 trouver une salle gratuite pour accueillir les artistes et le public. \u00abUn contact m\u2019a donn\u00e9 l\u2019id\u00e9e du Free times Caf\u00e9\u00bb, se souvient Florian. \u00abOn a rencontr\u00e9 la patronne et elle a accroch\u00e9 avec l\u2019id\u00e9e que notre projet soit frais et nouveau\u00bb.<\/p>\n<p>Apr\u00e8s avoir trouv\u00e9 le lieu, il a fallu promouvoir l\u2019\u00e9v\u00e9nement \u00e0 travers les r\u00e9seaux sociaux et les m\u00e9dias. Les m\u00e9dias francophones ont \u00e9t\u00e9 tr\u00e8s r\u00e9ceptifs et sur Facebook l\u2019\u00e9v\u00e9nement a ralli\u00e9 132 participants.<\/p>\n<p>Au niveau de la gestion du spectacle en direct, rien n\u2019est laiss\u00e9 au hasard. Le com\u00e9dien Florian Fran\u00e7ois, s\u2019occupe de l\u2019animation, distrait le public, tandis que Cyril Mignotet g\u00e8re le son. Le duo bien rod\u00e9 n\u2019oublie pas les artistes: apr\u00e8s chaque passage, ils re\u00e7oivent un cannel\u00e9 (sp\u00e9cialit\u00e9 bordelaise) provenant du restaurant fran\u00e7ais Chabichou, le partenaire de Franc\u2019Open Mic.<\/p>\n<p>Florian Fran\u00e7ois et Cyril Mignotet souhaitaient que \u00abtout le monde ait du plaisir, que les artistes francophones puissent pratiquer, avoir une opportunit\u00e9 artistique dans un lieu de partage\u00bb. Autant dire que c\u2019est plus que r\u00e9ussi.<\/p>\n<p>Rendez-vous a d\u00e9j\u00e0 \u00e9t\u00e9 donn\u00e9 le 26 novembre, au Free Times Caf\u00e9, \u00e0 19h30 pour les artistes et \u00e0 20h pour le public.<\/p>\n<div id=\"commentaires\">\n<div>\n<h1>COMMENTAIRES<\/h1>\n<div>\n<p>Mille bravo \u00e0 Cyril et Florian qui se sont investis dans cette aventure je leur envoie tous mes encouragements pour la suite et dommage pour moi d&rsquo;\u00eatre si loin et de ne pas pouvoir participer \u00e0 ce spectacle mais je suis avec vous par la pens\u00e9e.<\/p>\n<p>\u2014\u00a0<strong>murielle mignotet<\/strong>\u00a0\u2013\u00a0<em>4 novembre 2014 19:18<\/em><\/p>\n<p><em>\u00a0<\/em><\/p>\n<p><a href=\"http:\/\/www.lexpress.to\/archives\/14611\/\" target=\"_blank\"><em>http:\/\/www.lexpress.to\/archives\/14611\/<\/em><\/a><\/p>\n<\/div>\n<\/div>\n<\/div>\n","protected":false},"excerpt":{"rendered":"<p>Le mois dernier, j&rsquo;ai particip\u00e9 \u00e0 la premi\u00e8re \u00e9dition du Franc&rsquo;Open Mic \u00e0 Toronto, une occasion pour artistes de toutes sortes de monter sur sc\u00e8ne, en fran\u00e7ais. J&rsquo;y ai lu ma nouvelle \u00c0 l&rsquo;air, tir\u00e9e de mon recueil\u00a0Ce que l&rsquo;on<\/p>\n","protected":false},"author":1,"featured_media":0,"comment_status":"open","ping_status":"open","sticky":false,"template":"","format":"standard","meta":{"footnotes":""},"categories":[1],"tags":[529,318,528,24,99],"language":[9],"class_list":["post-1054","post","type-post","status-publish","format-standard","hentry","category-uncategorized","tag-artiste","tag-express","tag-francopen-mic","tag-francais","tag-toronto","language-fr_ca"],"_links":{"self":[{"href":"https:\/\/www.ammatte.ca\/index.php?rest_route=\/wp\/v2\/posts\/1054","targetHints":{"allow":["GET"]}}],"collection":[{"href":"https:\/\/www.ammatte.ca\/index.php?rest_route=\/wp\/v2\/posts"}],"about":[{"href":"https:\/\/www.ammatte.ca\/index.php?rest_route=\/wp\/v2\/types\/post"}],"author":[{"embeddable":true,"href":"https:\/\/www.ammatte.ca\/index.php?rest_route=\/wp\/v2\/users\/1"}],"replies":[{"embeddable":true,"href":"https:\/\/www.ammatte.ca\/index.php?rest_route=%2Fwp%2Fv2%2Fcomments&post=1054"}],"version-history":[{"count":1,"href":"https:\/\/www.ammatte.ca\/index.php?rest_route=\/wp\/v2\/posts\/1054\/revisions"}],"predecessor-version":[{"id":1056,"href":"https:\/\/www.ammatte.ca\/index.php?rest_route=\/wp\/v2\/posts\/1054\/revisions\/1056"}],"wp:attachment":[{"href":"https:\/\/www.ammatte.ca\/index.php?rest_route=%2Fwp%2Fv2%2Fmedia&parent=1054"}],"wp:term":[{"taxonomy":"category","embeddable":true,"href":"https:\/\/www.ammatte.ca\/index.php?rest_route=%2Fwp%2Fv2%2Fcategories&post=1054"},{"taxonomy":"post_tag","embeddable":true,"href":"https:\/\/www.ammatte.ca\/index.php?rest_route=%2Fwp%2Fv2%2Ftags&post=1054"},{"taxonomy":"language","embeddable":true,"href":"https:\/\/www.ammatte.ca\/index.php?rest_route=%2Fwp%2Fv2%2Flanguage&post=1054"}],"curies":[{"name":"wp","href":"https:\/\/api.w.org\/{rel}","templated":true}]}}