{"id":1052,"date":"2014-11-07T22:50:30","date_gmt":"2014-11-08T03:50:30","guid":{"rendered":"http:\/\/www.ammatte.ca\/?p=1052"},"modified":"2014-11-17T22:50:52","modified_gmt":"2014-11-18T03:50:52","slug":"la-premiere-de-francopen-mic","status":"publish","type":"post","link":"https:\/\/www.ammatte.ca\/?p=1052","title":{"rendered":"La premi\u00e8re de Franc&rsquo;Open Mic"},"content":{"rendered":"<p>\u00c0 la fin octobre se lan\u00e7ait une nouvelle initiative, une premi\u00e8re \u00absc\u00e8ne ouverte\u00bb francophone \u00e0 Toronto, <a href=\"http:\/\/www.lexpress.to\/archives\/14508\/\">baptis\u00e9e Franc\u2019Open Mic<\/a> par ses instigateurs fran\u00e7ais, Florian et Cyril.<\/p>\n<p>J&rsquo;ai eu la chance d&rsquo;y participer et d&rsquo;y lire la nouvelle\u00a0<em>\u00c0 l&rsquo;air<\/em> de mon recueil de nouvelles\u00a0<em>Ce que l&rsquo;on divulgue<\/em>.<\/p>\n<p>Quelques commentaires chaleureux sur Twitter suite \u00e0 la lecture:<\/p>\n<div><a href=\"https:\/\/twitter.com\/sergeincanada\" data-user-id=\"26779337\"><strong data-aria-label-part=\"\">serge paul<\/strong>\u00a0\u200f@sergeincanada\u00a0<\/a><small>\u00a0<\/small><a role=\"button\" href=\"https:\/\/twitter.com\/search?q=place%3A3797791ff9c0e4c6\" data-place-id=\"3797791ff9c0e4c6\">Toronto, Ontario<\/a><\/div>\n<p lang=\"fr\" data-aria-label-part=\"0\">\u00ab\u00a0Ce que l&rsquo;on divulgue\u00a0\u00bb lut avec toute beaut\u00e9 par <a dir=\"ltr\" href=\"https:\/\/twitter.com\/ammatte\">@ammatte<\/a> l&rsquo;auteure. <a dir=\"ltr\" href=\"https:\/\/twitter.com\/hashtag\/tofr?src=hash\" data-query-source=\"hashtag_click\">#tofr<\/a> <a dir=\"ltr\" href=\"https:\/\/twitter.com\/hashtag\/OpenMic?src=hash\" data-query-source=\"hashtag_click\">#OpenMic<\/a> <a dir=\"ltr\" href=\"https:\/\/twitter.com\/hashtag\/francopenmic?src=hash\" data-query-source=\"hashtag_click\">#francopenmic<\/a><\/p>\n<div>\n<div data-card-url=\"\/\/twitter.com\/sergeincanada\/status\/527623954216026112\/photo\/1\" data-card-type=\"photo\" data-element-context=\"platform_photo_card\">\n<div><img decoding=\"async\" alt=\"Permalien de l'image int\u00e9gr\u00e9e\" src=\"https:\/\/pbs.twimg.com\/media\/B1J_ImfCcAEnEXw.jpg\" width=\"100%\" \/><\/div>\n<div><\/div>\n<\/div>\n<\/div>\n<div>\n<div><a href=\"https:\/\/twitter.com\/ImprobablesTO\" data-user-id=\"2837051672\"><strong data-aria-label-part=\"\">Improbables Toronto<\/strong>\u00a0\u200f@ImprobablesTO\u00a0<\/a><small>\u00a0<a title=\"20:52 - 29 oct. 2014\" href=\"https:\/\/twitter.com\/ImprobablesTO\/status\/527624136202649600\"><br \/>\n<\/a><\/small><\/div>\n<p lang=\"fr\" data-aria-label-part=\"0\"><a dir=\"ltr\" href=\"https:\/\/twitter.com\/ammatte\">@ammatte<\/a> Au <a dir=\"ltr\" href=\"https:\/\/twitter.com\/hashtag\/francopenmic?src=hash\" data-query-source=\"hashtag_click\">#francopenmic<\/a> <a dir=\"ltr\" href=\"https:\/\/twitter.com\/hashtag\/bravo?src=hash\" data-query-source=\"hashtag_click\">#bravo<\/a> trop <a dir=\"ltr\" href=\"https:\/\/twitter.com\/hashtag\/cool?src=hash\" data-query-source=\"hashtag_click\">#cool<\/a> <a dir=\"ltr\" href=\"https:\/\/twitter.com\/hashtag\/franco?src=hash\" data-query-source=\"hashtag_click\">#franco<\/a> <a dir=\"ltr\" href=\"https:\/\/twitter.com\/hashtag\/toronto?src=hash\" data-query-source=\"hashtag_click\">#toronto<\/a><\/p>\n<div>\n<div data-card-url=\"\/\/twitter.com\/ImprobablesTO\/status\/527624136202649600\/photo\/1\" data-card-type=\"photo\" data-element-context=\"platform_photo_card\">\n<div><img decoding=\"async\" alt=\"Permalien de l'image int\u00e9gr\u00e9e\" src=\"https:\/\/pbs.twimg.com\/media\/B1J_V6dIUAA9Yb_.jpg\" width=\"100%\" \/><\/div>\n<div><\/div>\n<\/div>\n<\/div>\n<p>Les prochaines \u00e9ditions du Franc&rsquo;Open Mic \u00e0 Toronto auront lieu le mercredi 26 novembre et le mercredi 29 janvier au Free Times Caf\u00e9.<\/p>\n<\/div>\n","protected":false},"excerpt":{"rendered":"<p>\u00c0 la fin octobre se lan\u00e7ait une nouvelle initiative, une premi\u00e8re \u00absc\u00e8ne ouverte\u00bb francophone \u00e0 Toronto, baptis\u00e9e Franc\u2019Open Mic par ses instigateurs fran\u00e7ais, Florian et Cyril. J&rsquo;ai eu la chance d&rsquo;y participer et d&rsquo;y lire la nouvelle\u00a0\u00c0 l&rsquo;air de mon<\/p>\n","protected":false},"author":1,"featured_media":0,"comment_status":"open","ping_status":"open","sticky":false,"template":"","format":"standard","meta":{"footnotes":""},"categories":[1],"tags":[150,468,528,167,89,99],"language":[],"class_list":["post-1052","post","type-post","status-publish","format-standard","hentry","category-uncategorized","tag-a-lair","tag-ce-que-lon-divulgue","tag-francopen-mic","tag-francophonie","tag-lecture","tag-toronto"],"_links":{"self":[{"href":"https:\/\/www.ammatte.ca\/index.php?rest_route=\/wp\/v2\/posts\/1052","targetHints":{"allow":["GET"]}}],"collection":[{"href":"https:\/\/www.ammatte.ca\/index.php?rest_route=\/wp\/v2\/posts"}],"about":[{"href":"https:\/\/www.ammatte.ca\/index.php?rest_route=\/wp\/v2\/types\/post"}],"author":[{"embeddable":true,"href":"https:\/\/www.ammatte.ca\/index.php?rest_route=\/wp\/v2\/users\/1"}],"replies":[{"embeddable":true,"href":"https:\/\/www.ammatte.ca\/index.php?rest_route=%2Fwp%2Fv2%2Fcomments&post=1052"}],"version-history":[{"count":1,"href":"https:\/\/www.ammatte.ca\/index.php?rest_route=\/wp\/v2\/posts\/1052\/revisions"}],"predecessor-version":[{"id":1053,"href":"https:\/\/www.ammatte.ca\/index.php?rest_route=\/wp\/v2\/posts\/1052\/revisions\/1053"}],"wp:attachment":[{"href":"https:\/\/www.ammatte.ca\/index.php?rest_route=%2Fwp%2Fv2%2Fmedia&parent=1052"}],"wp:term":[{"taxonomy":"category","embeddable":true,"href":"https:\/\/www.ammatte.ca\/index.php?rest_route=%2Fwp%2Fv2%2Fcategories&post=1052"},{"taxonomy":"post_tag","embeddable":true,"href":"https:\/\/www.ammatte.ca\/index.php?rest_route=%2Fwp%2Fv2%2Ftags&post=1052"},{"taxonomy":"language","embeddable":true,"href":"https:\/\/www.ammatte.ca\/index.php?rest_route=%2Fwp%2Fv2%2Flanguage&post=1052"}],"curies":[{"name":"wp","href":"https:\/\/api.w.org\/{rel}","templated":true}]}}